{"id":2287,"date":"2020-02-20T19:19:26","date_gmt":"2020-02-20T19:19:26","guid":{"rendered":"https:\/\/www.donesbicibles.com\/?p=2287"},"modified":"2020-02-20T19:32:22","modified_gmt":"2020-02-20T19:32:22","slug":"mig-any-bicible-01-03-2020","status":"publish","type":"post","link":"https:\/\/www.donesbicibles.com\/ca\/mig-any-bicible-01-03-2020\/","title":{"rendered":"Mig Any Bicible 01.03.2020"},"content":{"rendered":"<p>{&#8220;main-title&#8221;:{&#8220;component&#8221;:&#8221;hc_title&#8221;,&#8221;id&#8221;:&#8221;main-title&#8221;,&#8221;title&#8221;:&#8221;&#8221;,&#8221;subtitle&#8221;:&#8221;&#8221;,&#8221;title_content&#8221;:{&#8220;component&#8221;:&#8221;hc_title_image&#8221;,&#8221;id&#8221;:&#8221;title-image&#8221;,&#8221;image&#8221;:&#8221;https:\/\/www.donesbicibles.com\/wp-content\/uploads\/2020\/02\/kdd-Dones-Bicibles-732&#215;1024.jpeg|1600|1143|2261&#8243;,&#8221;full_screen&#8221;:false,&#8221;full_screen_height&#8221;:&#8221;&#8221;,&#8221;parallax&#8221;:false,&#8221;bleed&#8221;:&#8221;&#8221;,&#8221;ken_burn&#8221;:&#8221;&#8221;,&#8221;overlay&#8221;:&#8221;&#8221;,&#8221;breadcrumbs&#8221;:false,&#8221;white&#8221;:true}},&#8221;section_5ZtkF&#8221;:{&#8220;component&#8221;:&#8221;hc_section&#8221;,&#8221;id&#8221;:&#8221;section_5ZtkF&#8221;,&#8221;section_width&#8221;:&#8221;&#8221;,&#8221;animation&#8221;:&#8221;&#8221;,&#8221;animation_time&#8221;:&#8221;&#8221;,&#8221;timeline_animation&#8221;:&#8221;&#8221;,&#8221;timeline_delay&#8221;:&#8221;&#8221;,&#8221;timeline_order&#8221;:&#8221;&#8221;,&#8221;vertical_row&#8221;:&#8221;&#8221;,&#8221;box_middle&#8221;:&#8221;&#8221;,&#8221;css_classes&#8221;:&#8221;&#8221;,&#8221;custom_css_classes&#8221;:&#8221;&#8221;,&#8221;custom_css_styles&#8221;:&#8221;&#8221;,&#8221;section_content&#8221;:[{&#8220;component&#8221;:&#8221;hc_column&#8221;,&#8221;id&#8221;:&#8221;column_vtfQF&#8221;,&#8221;column_width&#8221;:&#8221;col-md-12&#8243;,&#8221;animation&#8221;:&#8221;&#8221;,&#8221;animation_time&#8221;:&#8221;&#8221;,&#8221;timeline_animation&#8221;:&#8221;&#8221;,&#8221;timeline_delay&#8221;:&#8221;&#8221;,&#8221;timeline_order&#8221;:&#8221;&#8221;,&#8221;css_classes&#8221;:&#8221;&#8221;,&#8221;custom_css_classes&#8221;:&#8221;&#8221;,&#8221;custom_css_styles&#8221;:&#8221;&#8221;,&#8221;main_content&#8221;:[{&#8220;component&#8221;:&#8221;hc_wp_editor&#8221;,&#8221;id&#8221;:&#8221;Xhugf&#8221;,&#8221;css_classes&#8221;:&#8221;&#8221;,&#8221;custom_css_classes&#8221;:&#8221;&#8221;,&#8221;custom_css_styles&#8221;:&#8221;&#8221;,&#8221;editor_content&#8221;:&#8221;<\/p>\n<h2>Celebramos el &#8216;Mig Any Bicible&#8217; (1.03.2020)<\/h2>\n<p>\\nCon la llegada al ecuador Bicible un a\u00f1o m\u00e1s celebramos el mes de la mujer con una kdd, este a\u00f1o realizaremos una ruta circular de 82 km en bici de carretera para compartir todos (chicos y chicas) una matinal de buen ambiente y carcajadas aseguradas, aunque no lo tendremos f\u00e1cil porque subimos el &#8216;Porchichol&#8217; puerto de segunda categor\u00eda y el &#8216;Moro&#8217; puerto con rampas exigentes.\\n\\nRealizaremos una parada en Moixent para avituallarnos y al final del recorrido descubriremos el cartel de la &#8216; VI edicion Marcha Cicloturista Dones Bicibles&#8217;\\n\\nHaz <span style=\\\"color: #800080;\\\"><a style=\\\"color: #800080;\\\" href=\\\"https:\/\/www.donesbicibles.com\/inscripciones-2019\/\\\">click<\/a> <\/span>en el apartado inscripciones y encontraras un enlace para inscribirte.\\n<\/p>\n<h2 style=\\\"text-align: center;\\\">\u00a1\u00a1Hazte Bicible!!&nbsp; &nbsp; &nbsp; &nbsp; &nbsp; &nbsp; &nbsp; &nbsp; &nbsp; &nbsp; &nbsp; &nbsp; &nbsp; &nbsp; &nbsp; &nbsp; &nbsp; &nbsp; &nbsp; &nbsp; &nbsp; &nbsp; &nbsp; &nbsp; &nbsp;<img class=\\\"alignnone size-medium wp-image-2261\\\" src=\\\"https:\/\/www.donesbicibles.com\/wp-content\/uploads\/2020\/02\/kdd-Dones-Bicibles-214x300.jpeg\\\" alt=\\\"\\\" width=\\\"214\\\" height=\\\"300\\\"><\/h2>\n<p>&#8220;}]}],&#8221;section_settings&#8221;:{&#8220;component&#8221;:&#8221;hc_section_image&#8221;,&#8221;id&#8221;:&#8221;section-image&#8221;,&#8221;image&#8221;:&#8221;&#8221;,&#8221;full_screen&#8221;:false,&#8221;full_screen_height&#8221;:&#8221;&#8221;,&#8221;parallax&#8221;:false,&#8221;bleed&#8221;:&#8221;&#8221;,&#8221;ken_burn&#8221;:&#8221;&#8221;,&#8221;bg_pos&#8221;:&#8221;&#8221;,&#8221;overlay&#8221;:&#8221;&#8221;}},&#8221;scripts&#8221;:{},&#8221;css&#8221;:{},&#8221;css_page&#8221;:&#8221;&#8221;,&#8221;template_setting&#8221;:{&#8220;settings&#8221;:{&#8220;id&#8221;:&#8221;settings&#8221;}},&#8221;template_setting_top&#8221;:{},&#8221;page_setting&#8221;:{&#8220;settings&#8221;:[&#8220;lock-mode-off&#8221;]},&#8221;post_type_setting&#8221;:{&#8220;settings&#8221;:{&#8220;image&#8221;:&#8221;https:\/\/www.donesbicibles.com\/wp-content\/uploads\/2020\/02\/kdd-Dones-Bicibles-732&#215;1024.jpeg|1600|1143|2261&#8243;,&#8221;excerpt&#8221;:&#8221;Con la llegada al ecuador Bicible un a\u00f1o m\u00e1s celebramos el mes de la mujer con una kdd, este a\u00f1o realizaremos una ruta circular de 82 km en bici de carretera para compartir todos (chicos y chicas) una matinal de buen ambiente y carcajadas aseguradas, aunque no lo tendremos f\u00e1cil porque subimos el &#8216;Porchichol&#8217; puerto de segunda categor\u00eda y el &#8216;Moro&#8217; puerto con rampas exigentes.&#8221;,&#8221;extra_1&#8243;:&#8221;&#8221;,&#8221;extra_2&#8243;:&#8221;&#8221;,&#8221;icon&#8221;:{&#8220;icon&#8221;:&#8221;&#8221;,&#8221;icon_style&#8221;:&#8221;&#8221;,&#8221;icon_image&#8221;:&#8221;&#8221;}}}}<\/p>\n","protected":false},"excerpt":{"rendered":"<p>{&#8220;main-title&#8221;:{&#8220;component&#8221;:&#8221;hc_title&#8221;,&#8221;id&#8221;:&#8221;main-title&#8221;,&#8221;title&#8221;:&#8221;&#8221;,&#8221;subtitle&#8221;:&#8221;&#8221;,&#8221;title_content&#8221;:{&#8220;component&#8221;:&#8221;hc_title_image&#8221;,&#8221;id&#8221;:&#8221;title-image&#8221;,&#8221;image&#8221;:&#8221;https:\/\/www.donesbicibles.com\/wp-content\/uploads\/2020\/02\/kdd-Dones-Bicibles-732&#215;1024.jpeg|1600|1143|2261&#8243;,&#8221;full_screen&#8221;:false,&#8221;full_screen_height&#8221;:&#8221;&#8221;,&#8221;parallax&#8221;:false,&#8221;bleed&#8221;:&#8221;&#8221;,&#8221;ken_burn&#8221;:&#8221;&#8221;,&#8221;overlay&#8221;:&#8221;&#8221;,&#8221;breadcrumbs&#8221;:false,&#8221;white&#8221;:true}},&#8221;section_5ZtkF&#8221;:{&#8220;component&#8221;:&#8221;hc_section&#8221;,&#8221;id&#8221;:&#8221;section_5ZtkF&#8221;,&#8221;section_width&#8221;:&#8221;&#8221;,&#8221;animation&#8221;:&#8221;&#8221;,&#8221;animation_time&#8221;:&#8221;&#8221;,&#8221;timeline_animation&#8221;:&#8221;&#8221;,&#8221;timeline_delay&#8221;:&#8221;&#8221;,&#8221;timeline_order&#8221;:&#8221;&#8221;,&#8221;vertical_row&#8221;:&#8221;&#8221;,&#8221;box_middle&#8221;:&#8221;&#8221;,&#8221;css_classes&#8221;:&#8221;&#8221;,&#8221;custom_css_classes&#8221;:&#8221;&#8221;,&#8221;custom_css_styles&#8221;:&#8221;&#8221;,&#8221;section_content&#8221;:[{&#8220;component&#8221;:&#8221;hc_column&#8221;,&#8221;id&#8221;:&#8221;column_vtfQF&#8221;,&#8221;column_width&#8221;:&#8221;col-md-12&#8243;,&#8221;animation&#8221;:&#8221;&#8221;,&#8221;animation_time&#8221;:&#8221;&#8221;,&#8221;timeline_animation&#8221;:&#8221;&#8221;,&#8221;timeline_delay&#8221;:&#8221;&#8221;,&#8221;timeline_order&#8221;:&#8221;&#8221;,&#8221;css_classes&#8221;:&#8221;&#8221;,&#8221;custom_css_classes&#8221;:&#8221;&#8221;,&#8221;custom_css_styles&#8221;:&#8221;&#8221;,&#8221;main_content&#8221;:[{&#8220;component&#8221;:&#8221;hc_wp_editor&#8221;,&#8221;id&#8221;:&#8221;Xhugf&#8221;,&#8221;css_classes&#8221;:&#8221;&#8221;,&#8221;custom_css_classes&#8221;:&#8221;&#8221;,&#8221;custom_css_styles&#8221;:&#8221;&#8221;,&#8221;editor_content&#8221;:&#8221; Celebramos el &#8216;Mig Any Bicible&#8217; (1.03.2020) \\nCon la llegada al ecuador Bicible un a\u00f1o m\u00e1s celebramos el mes de la mujer con una kdd, este a\u00f1o realizaremos una ruta circular de 82 km en bici de carretera para compartir todos (chicos y chicas) una matinal de buen ambiente y carcajadas aseguradas, aunque no lo [&hellip;]<\/p>\n","protected":false},"author":2,"featured_media":0,"comment_status":"open","ping_status":"closed","sticky":false,"template":"","format":"standard","meta":{"footnotes":""},"categories":[9],"tags":[],"class_list":["post-2287","post","type-post","status-publish","format-standard","hentry","category-sin-categorizar"],"_links":{"self":[{"href":"https:\/\/www.donesbicibles.com\/ca\/wp-json\/wp\/v2\/posts\/2287"}],"collection":[{"href":"https:\/\/www.donesbicibles.com\/ca\/wp-json\/wp\/v2\/posts"}],"about":[{"href":"https:\/\/www.donesbicibles.com\/ca\/wp-json\/wp\/v2\/types\/post"}],"author":[{"embeddable":true,"href":"https:\/\/www.donesbicibles.com\/ca\/wp-json\/wp\/v2\/users\/2"}],"replies":[{"embeddable":true,"href":"https:\/\/www.donesbicibles.com\/ca\/wp-json\/wp\/v2\/comments?post=2287"}],"version-history":[{"count":6,"href":"https:\/\/www.donesbicibles.com\/ca\/wp-json\/wp\/v2\/posts\/2287\/revisions"}],"predecessor-version":[{"id":2293,"href":"https:\/\/www.donesbicibles.com\/ca\/wp-json\/wp\/v2\/posts\/2287\/revisions\/2293"}],"wp:attachment":[{"href":"https:\/\/www.donesbicibles.com\/ca\/wp-json\/wp\/v2\/media?parent=2287"}],"wp:term":[{"taxonomy":"category","embeddable":true,"href":"https:\/\/www.donesbicibles.com\/ca\/wp-json\/wp\/v2\/categories?post=2287"},{"taxonomy":"post_tag","embeddable":true,"href":"https:\/\/www.donesbicibles.com\/ca\/wp-json\/wp\/v2\/tags?post=2287"}],"curies":[{"name":"wp","href":"https:\/\/api.w.org\/{rel}","templated":true}]}}