{"id":1339,"date":"2019-04-18T11:28:23","date_gmt":"2019-04-18T11:28:23","guid":{"rendered":"https:\/\/www.donesbicibles.com\/?p=1339"},"modified":"2019-05-10T08:12:28","modified_gmt":"2019-05-10T08:12:28","slug":"inscripciones-abiertas-para-la-v-marcha-cicloturista-dones-bicibles","status":"publish","type":"post","link":"https:\/\/www.donesbicibles.com\/ca\/inscripciones-abiertas-para-la-v-marcha-cicloturista-dones-bicibles\/","title":{"rendered":"Inscripciones abiertas para la V Marcha Cicloturista Dones Bicibles"},"content":{"rendered":"<p>{&#8220;main-title&#8221;:{&#8220;component&#8221;:&#8221;hc_title&#8221;,&#8221;id&#8221;:&#8221;main-title&#8221;,&#8221;subtitle&#8221;:&#8221;&#8221;,&#8221;title_content&#8221;:{&#8220;component&#8221;:&#8221;hc_title_base&#8221;,&#8221;id&#8221;:&#8221;title-base&#8221;,&#8221;image&#8221;:&#8221;&#8221;,&#8221;breadcrumbs&#8221;:true,&#8221;white&#8221;:true},&#8221;title&#8221;:&#8221;Inscripciones abiertas para la V Marcha Cicloturista Dones Bicibles&#8221;},&#8221;section_5ZtkF&#8221;:{&#8220;component&#8221;:&#8221;hc_section&#8221;,&#8221;id&#8221;:&#8221;section_5ZtkF&#8221;,&#8221;section_width&#8221;:&#8221;&#8221;,&#8221;animation&#8221;:&#8221;&#8221;,&#8221;animation_time&#8221;:&#8221;&#8221;,&#8221;timeline_animation&#8221;:&#8221;&#8221;,&#8221;timeline_delay&#8221;:&#8221;&#8221;,&#8221;timeline_order&#8221;:&#8221;&#8221;,&#8221;vertical_row&#8221;:&#8221;&#8221;,&#8221;box_middle&#8221;:&#8221;&#8221;,&#8221;css_classes&#8221;:&#8221;&#8221;,&#8221;custom_css_classes&#8221;:&#8221;&#8221;,&#8221;custom_css_styles&#8221;:&#8221;&#8221;,&#8221;section_content&#8221;:[{&#8220;component&#8221;:&#8221;hc_column&#8221;,&#8221;id&#8221;:&#8221;column_vtfQF&#8221;,&#8221;column_width&#8221;:&#8221;col-md-12&#8243;,&#8221;animation&#8221;:&#8221;&#8221;,&#8221;animation_time&#8221;:&#8221;&#8221;,&#8221;timeline_animation&#8221;:&#8221;&#8221;,&#8221;timeline_delay&#8221;:&#8221;&#8221;,&#8221;timeline_order&#8221;:&#8221;&#8221;,&#8221;css_classes&#8221;:&#8221;&#8221;,&#8221;custom_css_classes&#8221;:&#8221;&#8221;,&#8221;custom_css_styles&#8221;:&#8221;&#8221;,&#8221;main_content&#8221;:[{&#8220;component&#8221;:&#8221;hc_wp_editor&#8221;,&#8221;id&#8221;:&#8221;Xhugf&#8221;,&#8221;css_classes&#8221;:&#8221;&#8221;,&#8221;custom_css_classes&#8221;:&#8221;&#8221;,&#8221;custom_css_styles&#8221;:&#8221;&#8221;,&#8221;editor_content&#8221;:&#8221;<img class=\\\"wp-image-1244 alignleft\\\" src=\\\"https:\/\/www.donesbicibles.com\/wp-content\/uploads\/2019\/04\/cartell2019-707x1024.jpg\\\" alt=\\\"\\\" width=\\\"400\\\" height=\\\"579\\\">\\n\\nDesde hoy, jueves 18 de abril, abrimos las <a href=\\\"https:\/\/www.donesbicibles.com\/inscripciones-2019\/\\\">inscripciones para la V Marcha Cicloturista Dones Bicibles<\/a>. Para las 50 primeras inscritas antes del 20 de mayo, habr\u00e1 una rebaja en la cuota de inscripci\u00f3n.\\n\\nDisponemos de 2 formularios de inscripci\u00f3n: con licencia federativa y sin licencia. El precio tambi\u00e9n var\u00eda un poco. Al mismo tiempo, ya pod\u00e9is hacer la reserva para la comida de vuestros acompa\u00f1anantes (para menores de 10 a\u00f1os es gratuita). Este a\u00f1o el pago se realizar\u00e1 online a trav\u00e9s del TPV virtual del banco. Esperamos de esta manera ahorraros molestias y no tener que hacer la transferencia primero y luego enviarnos el justificante. Pero si prefer\u00eds esta opci\u00f3n, por favor enviadnos un correo a: <a href=\\\"mailto:inscripcion@donesbicibles.com\\\">inscripcion@donesbicibles.com<\/a>\\n\\nOs esperamos a todas!!!!\\n\\n&nbsp;&#8220;}]}],&#8221;section_settings&#8221;:&#8221;&#8221;},&#8221;scripts&#8221;:{},&#8221;css&#8221;:{},&#8221;css_page&#8221;:&#8221;&#8221;,&#8221;template_setting&#8221;:{&#8220;settings&#8221;:{&#8220;id&#8221;:&#8221;settings&#8221;}},&#8221;template_setting_top&#8221;:{},&#8221;page_setting&#8221;:{&#8220;settings&#8221;:[&#8220;lock-mode-off&#8221;]},&#8221;post_type_setting&#8221;:{&#8220;settings&#8221;:{&#8220;image&#8221;:&#8221;https:\/\/www.donesbicibles.com\/wp-content\/uploads\/2019\/04\/cartell2019-707&#215;1024.jpg|2000|1381|1244&#8243;,&#8221;excerpt&#8221;:&#8221;Desde hoy, jueves 18 de abril, abrimos las inscripciones para la V Marcha Cicloturista Dones Bicibles. Para las 50 primeras inscritas antes del 20 de mayo, habr\u00e1 una rebaja en la cuota de inscripci\u00f3n.&#8221;,&#8221;extra_1&#8243;:&#8221;&#8221;,&#8221;extra_2&#8243;:&#8221;&#8221;,&#8221;icon&#8221;:{&#8220;icon&#8221;:&#8221;&#8221;,&#8221;icon_style&#8221;:&#8221;&#8221;,&#8221;icon_image&#8221;:&#8221;&#8221;}}}}<\/p>\n","protected":false},"excerpt":{"rendered":"<p>{&#8220;main-title&#8221;:{&#8220;component&#8221;:&#8221;hc_title&#8221;,&#8221;id&#8221;:&#8221;main-title&#8221;,&#8221;subtitle&#8221;:&#8221;&#8221;,&#8221;title_content&#8221;:{&#8220;component&#8221;:&#8221;hc_title_base&#8221;,&#8221;id&#8221;:&#8221;title-base&#8221;,&#8221;image&#8221;:&#8221;&#8221;,&#8221;breadcrumbs&#8221;:true,&#8221;white&#8221;:true},&#8221;title&#8221;:&#8221;Inscripciones abiertas para la V Marcha Cicloturista Dones Bicibles&#8221;},&#8221;section_5ZtkF&#8221;:{&#8220;component&#8221;:&#8221;hc_section&#8221;,&#8221;id&#8221;:&#8221;section_5ZtkF&#8221;,&#8221;section_width&#8221;:&#8221;&#8221;,&#8221;animation&#8221;:&#8221;&#8221;,&#8221;animation_time&#8221;:&#8221;&#8221;,&#8221;timeline_animation&#8221;:&#8221;&#8221;,&#8221;timeline_delay&#8221;:&#8221;&#8221;,&#8221;timeline_order&#8221;:&#8221;&#8221;,&#8221;vertical_row&#8221;:&#8221;&#8221;,&#8221;box_middle&#8221;:&#8221;&#8221;,&#8221;css_classes&#8221;:&#8221;&#8221;,&#8221;custom_css_classes&#8221;:&#8221;&#8221;,&#8221;custom_css_styles&#8221;:&#8221;&#8221;,&#8221;section_content&#8221;:[{&#8220;component&#8221;:&#8221;hc_column&#8221;,&#8221;id&#8221;:&#8221;column_vtfQF&#8221;,&#8221;column_width&#8221;:&#8221;col-md-12&#8243;,&#8221;animation&#8221;:&#8221;&#8221;,&#8221;animation_time&#8221;:&#8221;&#8221;,&#8221;timeline_animation&#8221;:&#8221;&#8221;,&#8221;timeline_delay&#8221;:&#8221;&#8221;,&#8221;timeline_order&#8221;:&#8221;&#8221;,&#8221;css_classes&#8221;:&#8221;&#8221;,&#8221;custom_css_classes&#8221;:&#8221;&#8221;,&#8221;custom_css_styles&#8221;:&#8221;&#8221;,&#8221;main_content&#8221;:[{&#8220;component&#8221;:&#8221;hc_wp_editor&#8221;,&#8221;id&#8221;:&#8221;Xhugf&#8221;,&#8221;css_classes&#8221;:&#8221;&#8221;,&#8221;custom_css_classes&#8221;:&#8221;&#8221;,&#8221;custom_css_styles&#8221;:&#8221;&#8221;,&#8221;editor_content&#8221;:&#8221;\\n\\nDesde hoy, jueves 18 de abril, abrimos las inscripciones para la V Marcha Cicloturista Dones Bicibles. Para las 50 primeras inscritas antes del 20 de mayo, habr\u00e1 una rebaja en la cuota de inscripci\u00f3n.\\n\\nDisponemos de 2 formularios de inscripci\u00f3n: con licencia federativa y sin licencia. El precio [&hellip;]<\/p>\n","protected":false},"author":1,"featured_media":0,"comment_status":"open","ping_status":"closed","sticky":false,"template":"","format":"standard","meta":{"footnotes":""},"categories":[9],"tags":[],"class_list":["post-1339","post","type-post","status-publish","format-standard","hentry","category-sin-categorizar"],"_links":{"self":[{"href":"https:\/\/www.donesbicibles.com\/ca\/wp-json\/wp\/v2\/posts\/1339"}],"collection":[{"href":"https:\/\/www.donesbicibles.com\/ca\/wp-json\/wp\/v2\/posts"}],"about":[{"href":"https:\/\/www.donesbicibles.com\/ca\/wp-json\/wp\/v2\/types\/post"}],"author":[{"embeddable":true,"href":"https:\/\/www.donesbicibles.com\/ca\/wp-json\/wp\/v2\/users\/1"}],"replies":[{"embeddable":true,"href":"https:\/\/www.donesbicibles.com\/ca\/wp-json\/wp\/v2\/comments?post=1339"}],"version-history":[{"count":6,"href":"https:\/\/www.donesbicibles.com\/ca\/wp-json\/wp\/v2\/posts\/1339\/revisions"}],"predecessor-version":[{"id":1885,"href":"https:\/\/www.donesbicibles.com\/ca\/wp-json\/wp\/v2\/posts\/1339\/revisions\/1885"}],"wp:attachment":[{"href":"https:\/\/www.donesbicibles.com\/ca\/wp-json\/wp\/v2\/media?parent=1339"}],"wp:term":[{"taxonomy":"category","embeddable":true,"href":"https:\/\/www.donesbicibles.com\/ca\/wp-json\/wp\/v2\/categories?post=1339"},{"taxonomy":"post_tag","embeddable":true,"href":"https:\/\/www.donesbicibles.com\/ca\/wp-json\/wp\/v2\/tags?post=1339"}],"curies":[{"name":"wp","href":"https:\/\/api.w.org\/{rel}","templated":true}]}}