{"id":1076,"date":"2017-01-23T08:05:52","date_gmt":"2017-01-23T08:05:52","guid":{"rendered":"http:\/\/www.donesbicibles.com\/?p=1076"},"modified":"2019-04-11T08:08:03","modified_gmt":"2019-04-11T08:08:03","slug":"libro-programa-fiestas-de-moros-y-cristianos-a-san-blas-bocairent-2017-2","status":"publish","type":"post","link":"https:\/\/www.donesbicibles.com\/ca\/libro-programa-fiestas-de-moros-y-cristianos-a-san-blas-bocairent-2017-2\/","title":{"rendered":"Libro &#8211; programa &#8220;Fiestas de Moros y Cristianos a San Blas &#8211; Bocairent 2017&#8221;"},"content":{"rendered":"<p>{&#8220;main-title&#8221;:{&#8220;component&#8221;:&#8221;hc_title&#8221;,&#8221;id&#8221;:&#8221;main-title&#8221;,&#8221;subtitle&#8221;:&#8221;&#8221;,&#8221;title_content&#8221;:{&#8220;component&#8221;:&#8221;hc_title_base&#8221;,&#8221;id&#8221;:&#8221;title-base&#8221;,&#8221;image&#8221;:&#8221;&#8221;,&#8221;breadcrumbs&#8221;:true,&#8221;white&#8221;:true},&#8221;title&#8221;:&#8221;Libro &#8211; programa \\&#8221;Fiestas de Moros y Cristianos a San Blas &#8211; Bocairent 2017\\&#8221;&#8221;},&#8221;section_5ZtkF&#8221;:{&#8220;component&#8221;:&#8221;hc_section&#8221;,&#8221;id&#8221;:&#8221;section_5ZtkF&#8221;,&#8221;section_width&#8221;:&#8221;&#8221;,&#8221;animation&#8221;:&#8221;&#8221;,&#8221;animation_time&#8221;:&#8221;&#8221;,&#8221;timeline_animation&#8221;:&#8221;&#8221;,&#8221;timeline_delay&#8221;:&#8221;&#8221;,&#8221;timeline_order&#8221;:&#8221;&#8221;,&#8221;vertical_row&#8221;:&#8221;&#8221;,&#8221;box_middle&#8221;:&#8221;&#8221;,&#8221;css_classes&#8221;:&#8221;&#8221;,&#8221;custom_css_classes&#8221;:&#8221;&#8221;,&#8221;custom_css_styles&#8221;:&#8221;&#8221;,&#8221;section_content&#8221;:[{&#8220;component&#8221;:&#8221;hc_column&#8221;,&#8221;id&#8221;:&#8221;column_vtfQF&#8221;,&#8221;column_width&#8221;:&#8221;col-md-12&#8243;,&#8221;animation&#8221;:&#8221;&#8221;,&#8221;animation_time&#8221;:&#8221;&#8221;,&#8221;timeline_animation&#8221;:&#8221;&#8221;,&#8221;timeline_delay&#8221;:&#8221;&#8221;,&#8221;timeline_order&#8221;:&#8221;&#8221;,&#8221;css_classes&#8221;:&#8221;&#8221;,&#8221;custom_css_classes&#8221;:&#8221;&#8221;,&#8221;custom_css_styles&#8221;:&#8221;&#8221;,&#8221;main_content&#8221;:[{&#8220;component&#8221;:&#8221;hc_wp_editor&#8221;,&#8221;id&#8221;:&#8221;Xhugf&#8221;,&#8221;css_classes&#8221;:&#8221;&#8221;,&#8221;custom_css_classes&#8221;:&#8221;&#8221;,&#8221;custom_css_styles&#8221;:&#8221;&#8221;,&#8221;editor_content&#8221;:&#8221;<img class=\\\"wp-image-442 size-medium\\\" src=\\\"http:\/\/www.donesbicibles.com\/wp-content\/uploads\/2017\/01\/foto-pioneras-300x201.jpg\\\" alt=\\\"foto pioneras\\\" width=\\\"300\\\" height=\\\"201\\\">\\n<\/p>\n<p style=\\\"text-align: justify;\\\">Dones Bicibles es una asociaci\u00f3n de reciente constituci\u00f3n que nace bajo el impulso de M\u00aaJos\u00e9 Silvestre, gerente de Cicles Silvestre y por todos conocida en el pueblo.<\/p>\n<p>\\n<\/p>\n<p style=\\\"text-align: justify;\\\">Se crea con el objetivo de servir de plataforma y dar cobertura a una serie de actividades que relacionan a las mujeres con el deporte del ciclismo.<\/p>\n<p>\\nEn nuestros estatutos tenemos cinco puntos que nos definen:\\n-Fomentar el conocimiento y la pr\u00e1ctica del ciclismo en las mujeres como herramienta para la igualdad.\\n-Organizar actividades deportivas dirigidas a mujeres y en el futuro incorporar nuevas secciones otros deportes siempre con mujeres.\\n-Crear h\u00e1bitos saludables en las mujeres.\\n-Visibilitzar la presencia de las mujeres en las actividades deportivas.\\n-Organizar ayudas o donaciones en pa\u00edses donde no est\u00e1 bien visto que las mujeres practiquen ciclismo o cualquiera otro deporte.\\nEmpiezan a ser habituales las carreras para mujeres, pero en el mundo del ciclismo Dones Bicibles somos pioneras.\\nIniciamos la trayectoria en 2015 donde un grupo de chicas se anim\u00f3 a realizar un recorrido.\\nUn recorrido de 103 km y 1470 metros de desnivel, es la elecci\u00f3n que se requiere para ser Bicible. Una prueba exigente que supera 3 puertos de monta\u00f1a, El Moro, Biar y el Canalis. La circular sale desde Bocairent hacia Ontinyent, continuando por Fontanars dels Alforins,Beneixama, Biar, Onil, Banyeres de Mariola, y el camping Mariola, volviendo otra vez en Bocairent.\\nEste a\u00f1o hemos podido celebrar la II Quedada de \\&#8221;Dones Bicibles\\&#8221; con una gran participaci\u00f3n de mujeres que han llegado desde las provincias de Valencia, Alicante y Castell\u00f3n, tambi\u00e9n de Tarragona, Albacete y Murcia, incluso ten\u00edamos una participante de Gales y de Finlandia.\\n\\nHa sido una gran fiesta del deporte llena de color. El color de los maillots de las ochenta chicas que traspasaron la l\u00ednea de la salida. El color rojo del autob\u00fas descapotable que nos serv\u00eda de apoyo log\u00edstico y para hacernos m\u00e1s visibles. Una fiesta donde no faltaron las tracas, la m\u00fasica y el buen ambiente.\\n\\n<img class=\\\"wp-image-444\\\" src=\\\"http:\/\/www.donesbicibles.com\/wp-content\/uploads\/2017\/01\/Foto-salida-II-QUEDADA-300x169.jpg\\\" alt=\\\"Foto salida II QUEDADA\\\" width=\\\"357\\\" height=\\\"201\\\">\\n\\n&nbsp;\\n\\n<strong>Una fiesta de participaci\u00f3n.<\/strong>\\n<\/p>\n<p style=\\\"text-align: justify;\\\"><strong>Participaci\u00f3n de mujeres ciclistas.<\/strong><\/p>\n<p>\\n<\/p>\n<p style=\\\"text-align: justify;\\\">Participaci\u00f3n de entidades con el apoyo imprescindible por parte del Ayuntamiento de Bocairent, y la Diputaci\u00f3n de Valencia.<\/p>\n<p>\\n<\/p>\n<p style=\\\"text-align: justify;\\\">Pudimos contar tambi\u00e9n con la inestimable colaboraci\u00f3n de la Cruz Roja de Banyeres de Mariola, el Club Ciclista Bocairent, la Asociaci\u00f3n de Comerciantes y servicios \\&#8221;Acis\\&#8221; , la Asociaci\u00f3n de Hosteler\u00eda y Turismo, la Asociaci\u00f3n Fiestas Moros y Cristianos Bocairent, M\u00e8s que dones y los ayuntamientos de las poblaciones por donde pasa la prueba.<\/p>\n<p>\\n<\/p>\n<p style=\\\"text-align: justify;\\\">Participaci\u00f3n de las empresas que nos permiten tener regalos para todas las Bicibles.\\nParticipaci\u00f3n de un ej\u00e9rcito de voluntarios que ofrece su trabajo a disposici\u00f3n del acontecimiento porque todo march\u00f3 a la perfecci\u00f3n.\\nParticipaci\u00f3n del pueblo que nos apoya y nos despide en la salida, nos anima en la sierra y nos espera en la llegada.\\n\u00a1\u00a1\u00a1Qu\u00e9 gozo de fiesta!!!<\/p>\n<p>\\n\\n\\n<img class=\\\"wp-image-443 size-full\\\" src=\\\"http:\/\/www.donesbicibles.com\/wp-content\/uploads\/2017\/01\/foto-programa-festes-II-Quedada.jpg\\\" alt=\\\"foto programa festes II Quedada\\\" width=\\\"960\\\" height=\\\"720\\\">\\n<\/p>\n<p style=\\\"text-align: justify;\\\">Ahora, estamos cargadas de ideas y proyectos por el a\u00f1o que viene.\\nVolveremos a poner en Bocairent en el punto de mira.\\nPrepararemos la primera marcha ciclista s\u00f3lo para mujeres de todo el pa\u00eds y queremos acompa\u00f1arla de varias actividades culturales.<\/p>\n<p>\\n<\/p>\n<p style=\\\"text-align: justify;\\\">Tenemos la fuerza que dan los inicios. Nos alimenta el \u00e9xito de la IIQDB y nos empuja tener una presidenta con el t\u00edtulo de campeona de Espa\u00f1a en Ultraciclisme M-50 y ser la primera mujer a completar la Brevet del Camino de Cid:una prueba \u201cSuper Randon\u00e9e.<\/p>\n<p>\\n<\/p>\n<p style=\\\"text-align: justify;\\\">Si todo esto no fuera bastante, tenemos el apoyo de un pueblo.\\n\u00a1\u00a1 Muchas gracias Bocairent !!<\/p>\n<p>&#8220;}]}],&#8221;section_settings&#8221;:&#8221;&#8221;},&#8221;scripts&#8221;:{},&#8221;css&#8221;:{},&#8221;css_page&#8221;:&#8221;&#8221;,&#8221;template_setting&#8221;:{&#8220;settings&#8221;:{&#8220;id&#8221;:&#8221;settings&#8221;}},&#8221;template_setting_top&#8221;:{},&#8221;page_setting&#8221;:{&#8220;settings&#8221;:[&#8220;lock-mode-off&#8221;]},&#8221;post_type_setting&#8221;:{&#8220;settings&#8221;:{&#8220;image&#8221;:&#8221;http:\/\/www.donesbicibles.com\/wp-content\/uploads\/2017\/01\/foto-pioneras.jpg|642|960|442&#8243;,&#8221;excerpt&#8221;:&#8221;Dones Bicibles es una asociaci\u00f3n de reciente constituci\u00f3n que nace bajo el impulso de M\u00aaJos\u00e9 Silvestre, gerente de Cicles Silvestre y por todos conocida en el pueblo.&#8221;,&#8221;extra_1&#8243;:&#8221;&#8221;,&#8221;extra_2&#8243;:&#8221;&#8221;,&#8221;icon&#8221;:{&#8220;icon&#8221;:&#8221;&#8221;,&#8221;icon_style&#8221;:&#8221;&#8221;,&#8221;icon_image&#8221;:&#8221;&#8221;}}}}<\/p>\n","protected":false},"excerpt":{"rendered":"<p>{&#8220;main-title&#8221;:{&#8220;component&#8221;:&#8221;hc_title&#8221;,&#8221;id&#8221;:&#8221;main-title&#8221;,&#8221;subtitle&#8221;:&#8221;&#8221;,&#8221;title_content&#8221;:{&#8220;component&#8221;:&#8221;hc_title_base&#8221;,&#8221;id&#8221;:&#8221;title-base&#8221;,&#8221;image&#8221;:&#8221;&#8221;,&#8221;breadcrumbs&#8221;:true,&#8221;white&#8221;:true},&#8221;title&#8221;:&#8221;Libro &#8211; programa \\&#8221;Fiestas de Moros y Cristianos a San Blas &#8211; Bocairent 2017\\&#8221;&#8221;},&#8221;section_5ZtkF&#8221;:{&#8220;component&#8221;:&#8221;hc_section&#8221;,&#8221;id&#8221;:&#8221;section_5ZtkF&#8221;,&#8221;section_width&#8221;:&#8221;&#8221;,&#8221;animation&#8221;:&#8221;&#8221;,&#8221;animation_time&#8221;:&#8221;&#8221;,&#8221;timeline_animation&#8221;:&#8221;&#8221;,&#8221;timeline_delay&#8221;:&#8221;&#8221;,&#8221;timeline_order&#8221;:&#8221;&#8221;,&#8221;vertical_row&#8221;:&#8221;&#8221;,&#8221;box_middle&#8221;:&#8221;&#8221;,&#8221;css_classes&#8221;:&#8221;&#8221;,&#8221;custom_css_classes&#8221;:&#8221;&#8221;,&#8221;custom_css_styles&#8221;:&#8221;&#8221;,&#8221;section_content&#8221;:[{&#8220;component&#8221;:&#8221;hc_column&#8221;,&#8221;id&#8221;:&#8221;column_vtfQF&#8221;,&#8221;column_width&#8221;:&#8221;col-md-12&#8243;,&#8221;animation&#8221;:&#8221;&#8221;,&#8221;animation_time&#8221;:&#8221;&#8221;,&#8221;timeline_animation&#8221;:&#8221;&#8221;,&#8221;timeline_delay&#8221;:&#8221;&#8221;,&#8221;timeline_order&#8221;:&#8221;&#8221;,&#8221;css_classes&#8221;:&#8221;&#8221;,&#8221;custom_css_classes&#8221;:&#8221;&#8221;,&#8221;custom_css_styles&#8221;:&#8221;&#8221;,&#8221;main_content&#8221;:[{&#8220;component&#8221;:&#8221;hc_wp_editor&#8221;,&#8221;id&#8221;:&#8221;Xhugf&#8221;,&#8221;css_classes&#8221;:&#8221;&#8221;,&#8221;custom_css_classes&#8221;:&#8221;&#8221;,&#8221;custom_css_styles&#8221;:&#8221;&#8221;,&#8221;editor_content&#8221;:&#8221;\\n Dones Bicibles es una asociaci\u00f3n de reciente constituci\u00f3n que nace bajo el impulso de M\u00aaJos\u00e9 Silvestre, gerente de Cicles Silvestre y por todos conocida en el pueblo. \\n Se crea con el objetivo de servir de plataforma y dar cobertura a [&hellip;]<\/p>\n","protected":false},"author":2,"featured_media":0,"comment_status":"open","ping_status":"closed","sticky":false,"template":"","format":"standard","meta":{"footnotes":""},"categories":[9],"tags":[],"class_list":["post-1076","post","type-post","status-publish","format-standard","hentry","category-sin-categorizar"],"_links":{"self":[{"href":"https:\/\/www.donesbicibles.com\/ca\/wp-json\/wp\/v2\/posts\/1076"}],"collection":[{"href":"https:\/\/www.donesbicibles.com\/ca\/wp-json\/wp\/v2\/posts"}],"about":[{"href":"https:\/\/www.donesbicibles.com\/ca\/wp-json\/wp\/v2\/types\/post"}],"author":[{"embeddable":true,"href":"https:\/\/www.donesbicibles.com\/ca\/wp-json\/wp\/v2\/users\/2"}],"replies":[{"embeddable":true,"href":"https:\/\/www.donesbicibles.com\/ca\/wp-json\/wp\/v2\/comments?post=1076"}],"version-history":[{"count":3,"href":"https:\/\/www.donesbicibles.com\/ca\/wp-json\/wp\/v2\/posts\/1076\/revisions"}],"predecessor-version":[{"id":1079,"href":"https:\/\/www.donesbicibles.com\/ca\/wp-json\/wp\/v2\/posts\/1076\/revisions\/1079"}],"wp:attachment":[{"href":"https:\/\/www.donesbicibles.com\/ca\/wp-json\/wp\/v2\/media?parent=1076"}],"wp:term":[{"taxonomy":"category","embeddable":true,"href":"https:\/\/www.donesbicibles.com\/ca\/wp-json\/wp\/v2\/categories?post=1076"},{"taxonomy":"post_tag","embeddable":true,"href":"https:\/\/www.donesbicibles.com\/ca\/wp-json\/wp\/v2\/tags?post=1076"}],"curies":[{"name":"wp","href":"https:\/\/api.w.org\/{rel}","templated":true}]}}